{"id":4538,"date":"2022-07-18T15:39:12","date_gmt":"2022-07-18T13:39:12","guid":{"rendered":"https:\/\/www.8p2.fr\/?p=4538"},"modified":"2024-12-19T09:00:56","modified_gmt":"2024-12-19T08:00:56","slug":"a-bord-du-projet-eolien-offshore-banc-de-guerance-a-st-nazaire-aux-cotes-des-equipes-8-2-france","status":"publish","type":"post","link":"https:\/\/www.8p2.fr\/en\/a-bord-du-projet-eolien-offshore-banc-de-guerance-a-st-nazaire-aux-cotes-des-equipes-8-2-france\/","title":{"rendered":"A bord du projet \u00e9olien offshore Banc de Gu\u00e9rande \u00e0 St Nazaire aux c\u00f4t\u00e9s des \u00e9quipes 8.2 France"},"content":{"rendered":"<figure class=\"wp-block-image size-full\"><img fetchpriority=\"high\" decoding=\"async\" width=\"1024\" height=\"768\" src=\"https:\/\/www.8p2.fr\/wp-content\/uploads\/2024\/06\/82bc2a7a-5449-4da2-bfb5-1f6f017bdf2e-1024x768-1.jpg\" alt=\"\" class=\"wp-image-30148\" srcset=\"https:\/\/www.8p2.fr\/wp-content\/uploads\/2024\/06\/82bc2a7a-5449-4da2-bfb5-1f6f017bdf2e-1024x768-1.jpg 1024w, https:\/\/www.8p2.fr\/wp-content\/uploads\/2024\/06\/82bc2a7a-5449-4da2-bfb5-1f6f017bdf2e-1024x768-1-300x225.jpg 300w, https:\/\/www.8p2.fr\/wp-content\/uploads\/2024\/06\/82bc2a7a-5449-4da2-bfb5-1f6f017bdf2e-1024x768-1-768x576.jpg 768w\" sizes=\"(max-width: 1024px) 100vw, 1024px\" \/><\/figure>\n\n\n\n<h2 class=\"wp-block-heading\"><strong>Le premier parc \u00e9olien en mer fran\u00e7ais <\/strong><\/h2>\n\n\n\n<p>Le projet \u00e9olien Banc de Gu\u00e9rande en quelques chiffres :<\/p>\n\n\n\n<p>\u2013 80 \u00e9oliennes en mer<br>\u2013 Puissance totale de 480 MW<br>\u2013 Des \u00e9oliennes localis\u00e9es entre 12 et 20 km au large de la Loire-Atlantique<br>\u2013 20% de la consommation en \u00e9lectricit\u00e9 de la Loire-Atlantique<\/p>\n\n\n\n<p>Pour une mise en service \u00e0 la fin de l\u2019ann\u00e9e 2022 !<\/p>\n\n\n\n<h2 class=\"wp-block-heading has-text-align-left\"><strong>3 ans de pr\u00e9sence \u00e0 St-Nazaire pour notre \u00e9quipe 8.2 France <\/strong><\/h2>\n\n\n\n<p>8.2 France intervient sur le projet Banc de Gu\u00e9rande depuis le d\u00e9but de l\u2019ann\u00e9e 2020 dans le cadre du suivi qualit\u00e9. La mission a d\u00e9but\u00e9 par le suivi qualit\u00e9 de la fabrication des composants en usine, puis par l\u2019inspection qualit\u00e9 de l\u2019ensemble des \u00e9quipements sur le hub logistique (Nacelle, E-stack, pales et tour), suivi par le montage des turbines et enfin leur mise en service.<\/p>\n\n\n\n<p>D\u00e9couvrez dans la suite de cet article, le profil de certains de nos experts qui participent \u00e0 ce beau projet.<\/p>\n\n\n\n<h2 class=\"wp-block-heading\"><strong>Damien, chef de projet offshore 8.2 France <\/strong><\/h2>\n\n\n\n<div class=\"wp-block-columns is-layout-flex wp-container-core-columns-is-layout-28f84493 wp-block-columns-is-layout-flex\">\n<div class=\"wp-block-column is-layout-flow wp-block-column-is-layout-flow\" style=\"flex-basis:33.33%\">\n<figure class=\"wp-block-image size-full\"><img decoding=\"async\" width=\"253\" height=\"232\" src=\"https:\/\/www.8p2.fr\/wp-content\/uploads\/2024\/06\/DHU-cordes.png\" alt=\"\" class=\"wp-image-30151\"\/><\/figure>\n<\/div>\n\n\n\n<div class=\"wp-block-column is-layout-flow wp-block-column-is-layout-flow\" style=\"flex-basis:66.66%\">\n<p>Damien Huchet, ing\u00e9nieur et chef de projet offshore chez 8.2 France, Il assure le r\u00f4le de conseil aupr\u00e8s de notre client et participe \u00e0 toutes les r\u00e9unions \u00e0 ses c\u00f4t\u00e9s. Au-del\u00e0 de coordonner les \u00e9quipes, Damien est le responsable technique offshore de 8.2 et accompagne notre client sur toutes les probl\u00e9matiques techniques li\u00e9es \u00e0 la qualit\u00e9 de fabrication et au montage des \u00e9oliennes. Damien apporte une contribution pr\u00e9cieuse au projet de Banc de Guerande du fait de sa pr\u00e9c\u00e9dente participation au projet offshore Merkur sans compter d\u2019autres exp\u00e9riences offshores.<\/p>\n<\/div>\n<\/div>\n\n\n\n<p>Damien se rend au Hub \u00e0 Saint Nazaire quelques jours par mois et vit le reste de son temps en t\u00e9l\u00e9travail entre sa petite fille Salom\u00e9 n\u00e9e en octobre 2021 et le chantier de maison qui avance vite depuis quelques mois !<\/p>\n\n\n\n<p>Damien, de nature joviale, tr\u00e8s humble et \u00e0 l\u2019\u00e9coute des autres, est un passionn\u00e9 des sujets techniques. C\u2019est un plaisir pour l\u2019ensemble de ses collaborateurs de travailler \u00e0 ses c\u00f4t\u00e9s.<\/p>\n\n\n\n<h2 class=\"wp-block-heading\"><strong>Notre expert Romain<\/strong><\/h2>\n\n\n\n<div class=\"wp-block-columns is-layout-flex wp-container-core-columns-is-layout-28f84493 wp-block-columns-is-layout-flex\">\n<div class=\"wp-block-column is-layout-flow wp-block-column-is-layout-flow\" style=\"flex-basis:66.66%\">\n<p>Expert 8.2 France depuis 2012. Il a \u00e9t\u00e9 le premier aux cot\u00e9s de Damien \u00e0 travailler sur le projet Banc de Gu\u00e9rande. Il a commenc\u00e9 en avril 2020 et avait la charge de la supervision de l\u2019assemblage des nacelles \u00e0 l\u2019usine GE de Saint-Nazaire.<\/p>\n\n\n\n<p>Il a ensuite particip\u00e9 aux inspections sur le hub logistique. Depuis avril 2022, il assure le suivi de l\u2019assemblage des a\u00e9rog\u00e9n\u00e9rateurs sur le Vol au vent.<\/p>\n<\/div>\n\n\n\n<div class=\"wp-block-column is-layout-flow wp-block-column-is-layout-flow\" style=\"flex-basis:33.33%\">\n<figure class=\"wp-block-image size-full\"><img decoding=\"async\" width=\"400\" height=\"284\" src=\"https:\/\/www.8p2.fr\/wp-content\/uploads\/2024\/06\/photo-romain-offshore-400x284-1.png\" alt=\"\" class=\"wp-image-30161\" srcset=\"https:\/\/www.8p2.fr\/wp-content\/uploads\/2024\/06\/photo-romain-offshore-400x284-1.png 400w, https:\/\/www.8p2.fr\/wp-content\/uploads\/2024\/06\/photo-romain-offshore-400x284-1-300x213.png 300w\" sizes=\"(max-width: 400px) 100vw, 400px\" \/><\/figure>\n<\/div>\n<\/div>\n\n\n\n<h2 class=\"wp-block-heading\"><strong>Notre expert Jean<\/strong><\/h2>\n\n\n\n<div class=\"wp-block-columns is-layout-flex wp-container-core-columns-is-layout-28f84493 wp-block-columns-is-layout-flex\">\n<div class=\"wp-block-column is-layout-flow wp-block-column-is-layout-flow\" style=\"flex-basis:33.33%\">\n<figure class=\"wp-block-image size-full\"><img loading=\"lazy\" decoding=\"async\" width=\"768\" height=\"1024\" src=\"https:\/\/www.8p2.fr\/wp-content\/uploads\/2024\/06\/6F2333A1.jpg\" alt=\"\" class=\"wp-image-30163\" srcset=\"https:\/\/www.8p2.fr\/wp-content\/uploads\/2024\/06\/6F2333A1.jpg 768w, https:\/\/www.8p2.fr\/wp-content\/uploads\/2024\/06\/6F2333A1-225x300.jpg 225w\" sizes=\"(max-width: 768px) 100vw, 768px\" \/><\/figure>\n<\/div>\n\n\n\n<div class=\"wp-block-column is-layout-flow wp-block-column-is-layout-flow\" style=\"flex-basis:66.66%\">\n<p>Jean Schaeffer a rejoint 8.2 pour assurer le r\u00f4le d\u2019inspecteur qualit\u00e9 sur le site le hub de pr\u00e9-assemblage de Saint Nazaire.<\/p>\n\n\n\n<p><br>Depuis avril 2022, Jean \u2013 et son bin\u00f4me Gilles \u2013 ont la charge aux c\u00f4t\u00e9s des \u00e9quipes d\u2019EDF RE d\u2019assurer les op\u00e9rations de suivi du commissioning. Cette mission se r\u00e9alise en mer sur bateau en rotation de 14j en mer, 14j en r\u00e9cup\u00e9ration soit de jour soit de nuit, et ce jusqu\u2019\u00e0 fin d\u00e9cembre 2022.<\/p>\n\n\n\n<p>Jean est cordiste de formation, il a d\u00e9but\u00e9 sa carri\u00e8re en tant que technicien de maintenance puis technicien GRID chez ENERCON avant d\u2019int\u00e9grer 8.2 France en tant qu\u2019inspecteur qualit\u00e9.<\/p>\n\n\n\n<p>Outre le c\u00f4t\u00e9 professionnel, Jean est tr\u00e8s impliqu\u00e9 dans ses projets mais aussi socialement dans l\u2019\u00e9quipe, \u00e0 la recherche de nouveaux challenges, il produit un travail de qualit\u00e9 et dans les temps.<\/p>\n<\/div>\n<\/div>\n\n\n\n<h2 class=\"wp-block-heading\"><strong>Notre expert Sylvain<\/strong><\/h2>\n\n\n\n<p>Sylvain est un expert senior \u00e9lectrique. Il dirige les \u00e9quipes et organise les inspections finales (nacelles, pales, tours et E-stack) sur le hub logistique.&nbsp;<\/p>\n\n\n\n<p>Sylvain a une grande exp\u00e9rience des \u00e9oliennes GE HALIADE 150. Il a r\u00e9alis\u00e9 de nombreuses missions \u00e0 l\u2019\u00e9tranger depuis 2008.<\/p>\n\n\n\n<h2 class=\"wp-block-heading\"><strong>Notre expert Aurelien<\/strong><\/h2>\n\n\n\n<div class=\"wp-block-columns is-layout-flex wp-container-core-columns-is-layout-28f84493 wp-block-columns-is-layout-flex\">\n<div class=\"wp-block-column is-layout-flow wp-block-column-is-layout-flow\" style=\"flex-basis:66.66%\">\n<p>Aur\u00e9lien, avec une experience de plus de 15 ans dans l\u2019\u00e9olien, est intervenu \u00e0 toutes les \u00e9tapes du projet Banc de Gu\u00e9rande (suivi de la fabrication des nacelles, gestion du hub logistique et inspections finales des \u00e9quipements avant le d\u00e9chargement sur le Vol Au Vent).&nbsp;<\/p>\n\n\n\n<p>Aur\u00e9lien est p\u00e8re d\u2019une petite fille et sera tr\u00e8s prochainement papa une seconde fois !&nbsp;<\/p>\n\n\n\n<p>Aur\u00e9lien intervient \u00e9galement sur de nombreuses inspections onshore afin de r\u00e9aliser des audits techniques et des inspections de pales sur corde.&nbsp;<\/p>\n\n\n\n<p>Aur\u00e9lien est d\u00e9j\u00e0 intervenu sur le projet Merkur dans le suivi de la fabrication des nacelles mais \u00e9galement en tant que technicien de commissioning et de maintenance sur les \u00e9oliennes Alstom de Ostende en Belgique pendant 2 ans.&nbsp;<\/p>\n<\/div>\n\n\n\n<div class=\"wp-block-column is-layout-flow wp-block-column-is-layout-flow\" style=\"flex-basis:33.33%\">\n<figure class=\"wp-block-image size-full\"><img loading=\"lazy\" decoding=\"async\" width=\"768\" height=\"1024\" src=\"https:\/\/www.8p2.fr\/wp-content\/uploads\/2024\/06\/Aurelien-Baudry-768x1024-1.jpg\" alt=\"\" class=\"wp-image-30167\" srcset=\"https:\/\/www.8p2.fr\/wp-content\/uploads\/2024\/06\/Aurelien-Baudry-768x1024-1.jpg 768w, https:\/\/www.8p2.fr\/wp-content\/uploads\/2024\/06\/Aurelien-Baudry-768x1024-1-225x300.jpg 225w\" sizes=\"(max-width: 768px) 100vw, 768px\" \/><\/figure>\n<\/div>\n<\/div>\n\n\n\n<h2 class=\"wp-block-heading\"><strong>Une \u00e9quipe pluridiscplinaire constitu\u00e9e d&rsquo;experts <\/strong><\/h2>\n\n\n\n<p>Ce sont aujourd\u2019hui 8 experts 8.2 qui travaillent \u00e0 temps complet sur le projet Banc de Gu\u00e9rande jusqu\u2019\u00e0 la fin de l\u2019ann\u00e9e 2022.<\/p>\n\n\n\n<p><br>Nous remercions notre client de nous avoir fait confiance pour l\u2019accompagnement qualit\u00e9 du lot turbine et la gestion du hub logistique de ce beau projet.<\/p>","protected":false},"excerpt":{"rendered":"<p>Retour sur 3 ans de pr\u00e9sence \u00e0 St-Nazaire pour notre \u00e9quipe 8.2 France.<\/p>","protected":false},"author":2,"featured_media":30011,"comment_status":"closed","ping_status":"closed","sticky":false,"template":"","format":"standard","meta":{"_jetpack_memberships_contains_paid_content":false,"footnotes":""},"categories":[6],"tags":[],"class_list":["post-4538","post","type-post","status-publish","format-standard","has-post-thumbnail","hentry","category-blog"],"jetpack_featured_media_url":"https:\/\/www.8p2.fr\/wp-content\/uploads\/2022\/07\/86f6fa67-ed84-4a39-80f8-8e8b324cc3cf-400x250-1.jpg","jetpack_sharing_enabled":true,"_links":{"self":[{"href":"https:\/\/www.8p2.fr\/en\/wp-json\/wp\/v2\/posts\/4538","targetHints":{"allow":["GET"]}}],"collection":[{"href":"https:\/\/www.8p2.fr\/en\/wp-json\/wp\/v2\/posts"}],"about":[{"href":"https:\/\/www.8p2.fr\/en\/wp-json\/wp\/v2\/types\/post"}],"author":[{"embeddable":true,"href":"https:\/\/www.8p2.fr\/en\/wp-json\/wp\/v2\/users\/2"}],"replies":[{"embeddable":true,"href":"https:\/\/www.8p2.fr\/en\/wp-json\/wp\/v2\/comments?post=4538"}],"version-history":[{"count":22,"href":"https:\/\/www.8p2.fr\/en\/wp-json\/wp\/v2\/posts\/4538\/revisions"}],"predecessor-version":[{"id":30173,"href":"https:\/\/www.8p2.fr\/en\/wp-json\/wp\/v2\/posts\/4538\/revisions\/30173"}],"wp:featuredmedia":[{"embeddable":true,"href":"https:\/\/www.8p2.fr\/en\/wp-json\/wp\/v2\/media\/30011"}],"wp:attachment":[{"href":"https:\/\/www.8p2.fr\/en\/wp-json\/wp\/v2\/media?parent=4538"}],"wp:term":[{"taxonomy":"category","embeddable":true,"href":"https:\/\/www.8p2.fr\/en\/wp-json\/wp\/v2\/categories?post=4538"},{"taxonomy":"post_tag","embeddable":true,"href":"https:\/\/www.8p2.fr\/en\/wp-json\/wp\/v2\/tags?post=4538"}],"curies":[{"name":"wp","href":"https:\/\/api.w.org\/{rel}","templated":true}]}}